{"id":254,"date":"2026-03-03T20:50:34","date_gmt":"2026-03-03T19:50:34","guid":{"rendered":"https:\/\/www.suarezdefigueroa.es\/monnet\/?p=254"},"modified":"2026-03-03T20:53:17","modified_gmt":"2026-03-03T19:53:17","slug":"254-2","status":"publish","type":"post","link":"https:\/\/www.suarezdefigueroa.es\/monnet\/254-2\/","title":{"rendered":"Democracia en acci\u00f3n: el Proyecto Monnet celebra las primeras elecciones al Parlamento del Su\u00e1rez"},"content":{"rendered":"<div class=\"gs\">\n<div id=\":17h\">\n<div id=\":17i\">\n<div class=\"qQVYZb\">\n<div>\n<div style=\"text-align: justify;\"><a href=\"https:\/\/www.suarezdefigueroa.es\/files\/2026\/03\/ActividadMonnetElecciones_20260303.jpg\"><img loading=\"lazy\" decoding=\"async\" class=\"alignnone size-full wp-image-5637\" src=\"https:\/\/www.suarezdefigueroa.es\/files\/2026\/03\/ActividadMonnetElecciones_20260303.jpg\" alt=\"\" width=\"2200\" height=\"1009\" \/><\/a><br \/>\n<span style=\"font-size: 10pt;\"><img decoding=\"async\" class=\"an1 alignleft\" draggable=\"false\" src=\"https:\/\/fonts.gstatic.com\/s\/e\/notoemoji\/17.0\/1f5f3_fe0f\/32.png\" alt=\"\ud83d\uddf3\ufe0f\" data-emoji=\"\ud83d\uddf3\ufe0f\" aria-label=\"\ud83d\uddf3\ufe0f\" \/><\/span><\/p>\n<div style=\"text-align: justify;\"><span style=\"font-size: 12pt;\"><strong>Fecha:<\/strong> 3 de marzo de 2026<\/span><\/div>\n<div><\/div>\n<\/div>\n<\/div>\n<div style=\"text-align: justify;\"><\/div>\n<div>\n<div>\n<div style=\"text-align: justify;\"><span style=\"font-size: 12pt;\"><img decoding=\"async\" class=\"an1\" draggable=\"false\" src=\"https:\/\/fonts.gstatic.com\/s\/e\/notoemoji\/17.0\/1f465\/32.png\" alt=\"\ud83d\udc65\" data-emoji=\"\ud83d\udc65\" aria-label=\"\ud83d\udc65\" \/><span style=\"color: #333399;\"><strong><span style=\"font-size: 14pt;\">Participaci\u00f3n alt\u00edsima<\/span><\/strong><\/span><\/span><br \/>\n<span style=\"font-size: 12pt;\">De <strong>515 personas convocadas<\/strong>, <strong>466 votaron<\/strong>, lo que significa una <strong>participaci\u00f3n del 90,49 %<\/strong>. \u00a1Todo un r\u00e9cord! <img decoding=\"async\" class=\"an1\" draggable=\"false\" src=\"https:\/\/fonts.gstatic.com\/s\/e\/notoemoji\/17.0\/1f4aa\/32.png\" alt=\"\ud83d\udcaa\" data-emoji=\"\ud83d\udcaa\" aria-label=\"\ud83d\udcaa\" \/> Esto demuestra que el alumnado del Instituto Su\u00e1rez de Figueroa se implica y disfruta participando en la vida de la comunidad<\/span><span style=\"font-size: 12pt;\">.<\/span><\/div>\n<div style=\"text-align: justify;\"><span style=\"font-size: 12pt;\"><img decoding=\"async\" class=\"an1 alignleft\" draggable=\"false\" src=\"https:\/\/fonts.gstatic.com\/s\/e\/notoemoji\/17.0\/1f4ca\/32.png\" alt=\"\ud83d\udcca\" data-emoji=\"\ud83d\udcca\" aria-label=\"\ud83d\udcca\" \/><strong><span style=\"font-size: 14pt; color: #333399;\">Resultados de la votaci\u00f3n<\/span><\/strong><\/span><br \/>\n<span style=\"font-size: 12pt;\">Tras el recuento, estos fueron los resultados, teniendo en cuenta que Los votos en blanco (23) y nulos (1) <strong>no se cuentan<\/strong>\u00a0en esta actividad para la asignaci\u00f3n de esca\u00f1os, por lo que para el recuento de esca\u00f1os contaremos con 442 votos., a los que llamaremos a partir de ahora VV (votos v\u00e1lidos)<\/span><\/div>\n<table border=\"2\" style=\"border-collapse: collapse; width: 100%;\">\n<tbody>\n<tr>\n<td style=\"width: 49.3666%;\"><span style=\"font-size: 12pt;\"><strong>PARTIDO<\/strong><\/span><\/td>\n<td style=\"width: 29.0577%;\"><span style=\"font-size: 12pt;\"><strong>VOTOS<\/strong><\/span><\/td>\n<td style=\"width: 21.5756%;\"><span style=\"font-size: 12pt;\"><strong>ESCA\u00d1OS<\/strong><\/span><\/td>\n<\/tr>\n<tr>\n<td style=\"width: 49.3666%;\"><span style=\"font-size: 12pt;\">Partido Alianza Europea (PAE)<\/span><\/td>\n<td style=\"width: 29.0577%;\"><span style=\"font-size: 12pt;\">164 (37,06% VV)<\/span><\/td>\n<td style=\"width: 21.5756%;\"><span style=\"font-size: 12pt;\">13<\/span><\/td>\n<\/tr>\n<tr>\n<td style=\"width: 49.3666%;\"><span style=\"font-size: 12pt;\">Partido Dem\u00f3crata Nacional (PDN)<\/span><\/td>\n<td style=\"width: 29.0577%;\"><span style=\"font-size: 12pt;\">153 ( 34,57 % VV)<\/span><\/td>\n<td style=\"width: 21.5756%;\"><span style=\"font-size: 12pt;\">12<\/span><\/td>\n<\/tr>\n<tr>\n<td style=\"width: 49.3666%;\"><span style=\"font-size: 12pt;\">Partido Europeo de la Ciudadan\u00eda (PEC)<\/span><\/td>\n<td style=\"width: 29.0577%;\"><span style=\"font-size: 12pt;\">125 (28,28% VV)<\/span><\/td>\n<td style=\"width: 21.5756%;\"><span style=\"font-size: 12pt;\">10<\/span><\/td>\n<\/tr>\n<\/tbody>\n<\/table>\n<div style=\"text-align: justify;\"><span style=\"font-size: 12pt;\"><img decoding=\"async\" class=\"an1 alignleft\" draggable=\"false\" src=\"https:\/\/fonts.gstatic.com\/s\/e\/notoemoji\/17.0\/1f3db_fe0f\/32.png\" alt=\"\ud83c\udfdb\ufe0f\" data-emoji=\"\ud83c\udfdb\ufe0f\" aria-label=\"\ud83c\udfdb\ufe0f\" \/><img decoding=\"async\" class=\"an1 alignleft\" draggable=\"false\" src=\"https:\/\/fonts.gstatic.com\/s\/e\/notoemoji\/17.0\/1f91d\/32.png\" alt=\"\ud83e\udd1d\" data-emoji=\"\ud83e\udd1d\" aria-label=\"\ud83e\udd1d\" \/><\/span><\/div>\n<div style=\"text-align: justify;\"><span style=\"font-size: 12pt;\">\u00a0 Como veis, <strong>ning\u00fan partido tiene mayor\u00eda absoluta<\/strong>, as\u00ed que ahora empieza lo m\u00e1s interesante: \u00a1<strong>dialogar, negociar y llegar a acuerdos<\/strong> para elegir al Presidente o Presidenta de la Comisi\u00f3n del Su\u00e1rez!<\/span><\/div>\n<p style=\"text-align: justify;\"><span style=\"font-size: 12pt;\"><img decoding=\"async\" class=\"an1 alignleft\" draggable=\"false\" src=\"https:\/\/fonts.gstatic.com\/s\/e\/notoemoji\/17.0\/1f30d\/32.png\" alt=\"\ud83c\udf0d\" data-emoji=\"\ud83c\udf0d\" aria-label=\"\ud83c\udf0d\" \/><span style=\"color: #333399;\"><strong><span style=\"font-size: 14pt;\">Igual que en Europa<\/span><\/strong><\/span><\/span><br \/>\n<span style=\"font-size: 12pt;\">\u00bfSab\u00edais que algo parecido pasa en la <strong>Uni\u00f3n Europea<\/strong>?<\/span><br \/>\n<span style=\"font-size: 12pt;\">En el Parlamento Europeo se vota a la persona que preside la Comisi\u00f3n Europea, a propuesta del Consejo Europeo.<\/span><\/p>\n<div style=\"text-align: justify;\"><span style=\"font-size: 12pt;\">Si no hay mayor\u00eda clara, los grupos pol\u00edticos <strong>deben negociar y pactar apoyos<\/strong>, como ocurri\u00f3 con la elecci\u00f3n de Ursula von der Leyen.<\/span><\/div>\n<p style=\"text-align: justify;\"><span style=\"font-size: 12pt;\"><img decoding=\"async\" class=\"an1 alignleft\" draggable=\"false\" src=\"https:\/\/fonts.gstatic.com\/s\/e\/notoemoji\/17.0\/1f913\/32.png\" alt=\"\ud83e\udd13\" data-emoji=\"\ud83e\udd13\" aria-label=\"\ud83e\udd13\" \/><span style=\"color: #333399;\"><strong><span style=\"font-size: 14pt;\">Aprendiendo democracia\u2026 \u00a1haciendo democracia!<\/span><\/strong><\/span><\/span><br \/>\n<span style=\"font-size: 12pt;\">Nuestro Parlamento del Su\u00e1rez demuestra que <strong>la pol\u00edtica no es solo teor\u00eda<\/strong>, sino que se aprende participando: hablando, escuchando, negociando y llegando a acuerdos.<\/span><br \/>\n<span style=\"font-size: 12pt;\">\u00a1Enhorabuena a todos los que votasteis y participasteis! <img decoding=\"async\" class=\"an1 alignleft\" draggable=\"false\" src=\"https:\/\/fonts.gstatic.com\/s\/e\/notoemoji\/17.0\/1f44f\/32.png\" alt=\"\ud83d\udc4f\" data-emoji=\"\ud83d\udc4f\" aria-label=\"\ud83d\udc4f\" \/><img decoding=\"async\" class=\"an1 alignleft\" draggable=\"false\" src=\"https:\/\/fonts.gstatic.com\/s\/e\/notoemoji\/17.0\/1f389\/32.png\" alt=\"\ud83c\udf89\" data-emoji=\"\ud83c\udf89\" aria-label=\"\ud83c\udf89\" \/><\/span><\/p>\n<div style=\"text-align: justify;\"><span style=\"font-size: 12pt;\">Seguimos <strong>aprendiendo democracia\u2026 haciendo democracia<\/strong>. <\/span><img decoding=\"async\" class=\"an1\" draggable=\"false\" src=\"https:\/\/fonts.gstatic.com\/s\/e\/notoemoji\/17.0\/1f499\/32.png\" alt=\"\ud83d\udc99\" data-emoji=\"\ud83d\udc99\" aria-label=\"\ud83d\udc99\" \/><img decoding=\"async\" class=\"an1\" draggable=\"false\" src=\"https:\/\/fonts.gstatic.com\/s\/e\/notoemoji\/17.0\/1f49b\/32.png\" alt=\"\ud83d\udc9b\" data-emoji=\"\ud83d\udc9b\" aria-label=\"\ud83d\udc9b\" \/><\/div>\n<\/div>\n<\/div>\n<\/div>\n<\/div>\n<\/div>\n<\/div>\n","protected":false},"excerpt":{"rendered":"<p>Fecha: 3 de marzo de 2026 Participaci\u00f3n alt\u00edsima De 515 personas convocadas, 466 votaron, lo que significa una participaci\u00f3n del 90,49 %. \u00a1Todo un r\u00e9cord! Esto demuestra que el alumnado del Instituto Su\u00e1rez de Figueroa se implica y disfruta participando en la vida de la comunidad. Resultados de la votaci\u00f3n<span class=\"more-link\"><a href=\"https:\/\/www.suarezdefigueroa.es\/monnet\/254-2\/\">Leer m\u00e1s<\/a><\/span><\/p>\n","protected":false},"author":1,"featured_media":0,"comment_status":"closed","ping_status":"open","sticky":false,"template":"","format":"standard","meta":{"footnotes":""},"categories":[1],"tags":[],"class_list":["entry","author-monnetsf25","post-254","post","type-post","status-publish","format-standard","category-sin-categoria"],"_links":{"self":[{"href":"https:\/\/www.suarezdefigueroa.es\/monnet\/wp-json\/wp\/v2\/posts\/254","targetHints":{"allow":["GET"]}}],"collection":[{"href":"https:\/\/www.suarezdefigueroa.es\/monnet\/wp-json\/wp\/v2\/posts"}],"about":[{"href":"https:\/\/www.suarezdefigueroa.es\/monnet\/wp-json\/wp\/v2\/types\/post"}],"author":[{"embeddable":true,"href":"https:\/\/www.suarezdefigueroa.es\/monnet\/wp-json\/wp\/v2\/users\/1"}],"replies":[{"embeddable":true,"href":"https:\/\/www.suarezdefigueroa.es\/monnet\/wp-json\/wp\/v2\/comments?post=254"}],"version-history":[{"count":7,"href":"https:\/\/www.suarezdefigueroa.es\/monnet\/wp-json\/wp\/v2\/posts\/254\/revisions"}],"predecessor-version":[{"id":261,"href":"https:\/\/www.suarezdefigueroa.es\/monnet\/wp-json\/wp\/v2\/posts\/254\/revisions\/261"}],"wp:attachment":[{"href":"https:\/\/www.suarezdefigueroa.es\/monnet\/wp-json\/wp\/v2\/media?parent=254"}],"wp:term":[{"taxonomy":"category","embeddable":true,"href":"https:\/\/www.suarezdefigueroa.es\/monnet\/wp-json\/wp\/v2\/categories?post=254"},{"taxonomy":"post_tag","embeddable":true,"href":"https:\/\/www.suarezdefigueroa.es\/monnet\/wp-json\/wp\/v2\/tags?post=254"}],"curies":[{"name":"wp","href":"https:\/\/api.w.org\/{rel}","templated":true}]}}