{"id":285,"date":"2026-04-23T14:18:14","date_gmt":"2026-04-23T12:18:14","guid":{"rendered":"https:\/\/www.suarezdefigueroa.es\/monnet\/?p=285"},"modified":"2026-04-23T14:18:50","modified_gmt":"2026-04-23T12:18:50","slug":"un-viaje-por-europa-a-traves-del-sabor","status":"publish","type":"post","link":"https:\/\/www.suarezdefigueroa.es\/monnet\/un-viaje-por-europa-a-traves-del-sabor\/","title":{"rendered":"Un viaje por Europa a trav\u00e9s del sabor"},"content":{"rendered":"<div style=\"text-align: center;\"><img decoding=\"async\" style=\"height: 475px;\" src=\"https:\/\/www.suarezdefigueroa.es\/monnet\/wp-content\/uploads\/2026\/04\/Sabor01_20260423.jpg\" alt=\"\" \/> <img decoding=\"async\" style=\"height: 475px;\" src=\"https:\/\/www.suarezdefigueroa.es\/monnet\/wp-content\/uploads\/2026\/04\/Sabor02_20260423.jpg\" alt=\"\" \/><\/div>\n<p style=\"text-align: justify;\">El proyecto Monnet se suma este a\u00f1o a la celebraci\u00f3n de la Semana de las Lenguas, organizada por nuestros departamentos ling\u00fc\u00edsticos, con una iniciativa tan dulce como enriquecedora: la colaboraci\u00f3n en la organizaci\u00f3n de una feria gastron\u00f3mica dedicada a los postres m\u00e1s representativos de la Uni\u00f3n Europea. Una propuesta que no solo deleita el paladar, sino que tambi\u00e9n invita a descubrir la diversidad cultural del continente desde una perspectiva cercana y sabrosa.<\/p>\n<p style=\"text-align: justify;\">En este espacio, tradici\u00f3n y aprendizaje se dan la mano. Desde cl\u00e1sicos irresistibles hasta especialidades menos conocidas, la feria ofrece un recorrido sensorial por Europa sin necesidad de salir del recinto.<\/p>\n<p style=\"text-align: justify;\">La participaci\u00f3n del proyecto Monnet refuerza su compromiso con la difusi\u00f3n de los valores europeos, apostando por actividades din\u00e1micas que fomentan el inter\u00e9s por las lenguas y las culturas de la Uni\u00f3n. En este caso, la gastronom\u00eda act\u00faa como un lenguaje universal que conecta a las personas y despierta la curiosidad por lo diferente.<\/p>\n<div class=\"adL\" style=\"text-align: justify;\"><\/div>\n","protected":false},"excerpt":{"rendered":"<p>El proyecto Monnet se suma este a\u00f1o a la celebraci\u00f3n de la Semana de las Lenguas, organizada por nuestros departamentos ling\u00fc\u00edsticos, con una iniciativa tan dulce como enriquecedora: la colaboraci\u00f3n en la organizaci\u00f3n de una feria gastron\u00f3mica dedicada a los postres m\u00e1s representativos de la Uni\u00f3n Europea. Una propuesta que<span class=\"more-link\"><a href=\"https:\/\/www.suarezdefigueroa.es\/monnet\/un-viaje-por-europa-a-traves-del-sabor\/\">Leer m\u00e1s<\/a><\/span><\/p>\n","protected":false},"author":1,"featured_media":0,"comment_status":"closed","ping_status":"open","sticky":false,"template":"","format":"standard","meta":{"footnotes":""},"categories":[1],"tags":[],"class_list":["entry","author-monnetsf25","post-285","post","type-post","status-publish","format-standard","category-sin-categoria"],"_links":{"self":[{"href":"https:\/\/www.suarezdefigueroa.es\/monnet\/wp-json\/wp\/v2\/posts\/285","targetHints":{"allow":["GET"]}}],"collection":[{"href":"https:\/\/www.suarezdefigueroa.es\/monnet\/wp-json\/wp\/v2\/posts"}],"about":[{"href":"https:\/\/www.suarezdefigueroa.es\/monnet\/wp-json\/wp\/v2\/types\/post"}],"author":[{"embeddable":true,"href":"https:\/\/www.suarezdefigueroa.es\/monnet\/wp-json\/wp\/v2\/users\/1"}],"replies":[{"embeddable":true,"href":"https:\/\/www.suarezdefigueroa.es\/monnet\/wp-json\/wp\/v2\/comments?post=285"}],"version-history":[{"count":3,"href":"https:\/\/www.suarezdefigueroa.es\/monnet\/wp-json\/wp\/v2\/posts\/285\/revisions"}],"predecessor-version":[{"id":290,"href":"https:\/\/www.suarezdefigueroa.es\/monnet\/wp-json\/wp\/v2\/posts\/285\/revisions\/290"}],"wp:attachment":[{"href":"https:\/\/www.suarezdefigueroa.es\/monnet\/wp-json\/wp\/v2\/media?parent=285"}],"wp:term":[{"taxonomy":"category","embeddable":true,"href":"https:\/\/www.suarezdefigueroa.es\/monnet\/wp-json\/wp\/v2\/categories?post=285"},{"taxonomy":"post_tag","embeddable":true,"href":"https:\/\/www.suarezdefigueroa.es\/monnet\/wp-json\/wp\/v2\/tags?post=285"}],"curies":[{"name":"wp","href":"https:\/\/api.w.org\/{rel}","templated":true}]}}