{"id":292,"date":"2026-04-29T10:42:40","date_gmt":"2026-04-29T08:42:40","guid":{"rendered":"https:\/\/www.suarezdefigueroa.es\/monnet\/?p=292"},"modified":"2026-04-29T10:43:33","modified_gmt":"2026-04-29T08:43:33","slug":"europa-y-extremadura-en-5-minutos","status":"publish","type":"post","link":"https:\/\/www.suarezdefigueroa.es\/monnet\/europa-y-extremadura-en-5-minutos\/","title":{"rendered":"Europa y Extremadura en 5 minutos"},"content":{"rendered":"<p><img loading=\"lazy\" decoding=\"async\" class=\" wp-image-293 alignleft\" src=\"https:\/\/www.suarezdefigueroa.es\/monnet\/wp-content\/uploads\/2026\/04\/MonnetRadio_20260429.jpg\" alt=\"\" width=\"480\" height=\"297\" srcset=\"https:\/\/www.suarezdefigueroa.es\/monnet\/wp-content\/uploads\/2026\/04\/MonnetRadio_20260429.jpg 1024w, https:\/\/www.suarezdefigueroa.es\/monnet\/wp-content\/uploads\/2026\/04\/MonnetRadio_20260429-300x186.jpg 300w, https:\/\/www.suarezdefigueroa.es\/monnet\/wp-content\/uploads\/2026\/04\/MonnetRadio_20260429-768x476.jpg 768w, https:\/\/www.suarezdefigueroa.es\/monnet\/wp-content\/uploads\/2026\/04\/MonnetRadio_20260429-465x288.jpg 465w, https:\/\/www.suarezdefigueroa.es\/monnet\/wp-content\/uploads\/2026\/04\/MonnetRadio_20260429-695x430.jpg 695w\" sizes=\"auto, (max-width: 480px) 100vw, 480px\" \/><\/p>\n<p>&nbsp;<\/p>\n<p style=\"text-align: justify;\">El alumnado ha desarrollado un programa informativo dentro de las actividades de nuestro proyecto Monnet, financiado por la Uni\u00f3n Europea, donde , de una manera amena y en un lenguaje sencillo, explican noticias actuales de la Uni\u00f3n Europea que afectan a nuestra tierra Extremadura, para acercar la informaci\u00f3n al p\u00fablico de su edad, colaborando as\u00ed en desarrollar una conciencia cr\u00edtica y una ciudadan\u00eda bien informada y activa. Escucha el programa en <a href=\"https:\/\/radioedu.educarex.es\/radiosuarez\/2026\/04\/23\/europa-y-extremadura-en-5-minutos\/\" target=\"_blank\" rel=\"noopener\"><strong>este enlace de RadioSu\u00e1rez<\/strong><\/a>.<\/p>\n","protected":false},"excerpt":{"rendered":"<p>&nbsp; El alumnado ha desarrollado un programa informativo dentro de las actividades de nuestro proyecto Monnet, financiado por la Uni\u00f3n Europea, donde , de una manera amena y en un lenguaje sencillo, explican noticias actuales de la Uni\u00f3n Europea que afectan a nuestra tierra Extremadura, para acercar la informaci\u00f3n al<span class=\"more-link\"><a href=\"https:\/\/www.suarezdefigueroa.es\/monnet\/europa-y-extremadura-en-5-minutos\/\">Leer m\u00e1s<\/a><\/span><\/p>\n","protected":false},"author":1,"featured_media":0,"comment_status":"closed","ping_status":"open","sticky":false,"template":"","format":"standard","meta":{"footnotes":""},"categories":[1],"tags":[],"class_list":["entry","author-monnetsf25","post-292","post","type-post","status-publish","format-standard","category-sin-categoria"],"_links":{"self":[{"href":"https:\/\/www.suarezdefigueroa.es\/monnet\/wp-json\/wp\/v2\/posts\/292","targetHints":{"allow":["GET"]}}],"collection":[{"href":"https:\/\/www.suarezdefigueroa.es\/monnet\/wp-json\/wp\/v2\/posts"}],"about":[{"href":"https:\/\/www.suarezdefigueroa.es\/monnet\/wp-json\/wp\/v2\/types\/post"}],"author":[{"embeddable":true,"href":"https:\/\/www.suarezdefigueroa.es\/monnet\/wp-json\/wp\/v2\/users\/1"}],"replies":[{"embeddable":true,"href":"https:\/\/www.suarezdefigueroa.es\/monnet\/wp-json\/wp\/v2\/comments?post=292"}],"version-history":[{"count":3,"href":"https:\/\/www.suarezdefigueroa.es\/monnet\/wp-json\/wp\/v2\/posts\/292\/revisions"}],"predecessor-version":[{"id":296,"href":"https:\/\/www.suarezdefigueroa.es\/monnet\/wp-json\/wp\/v2\/posts\/292\/revisions\/296"}],"wp:attachment":[{"href":"https:\/\/www.suarezdefigueroa.es\/monnet\/wp-json\/wp\/v2\/media?parent=292"}],"wp:term":[{"taxonomy":"category","embeddable":true,"href":"https:\/\/www.suarezdefigueroa.es\/monnet\/wp-json\/wp\/v2\/categories?post=292"},{"taxonomy":"post_tag","embeddable":true,"href":"https:\/\/www.suarezdefigueroa.es\/monnet\/wp-json\/wp\/v2\/tags?post=292"}],"curies":[{"name":"wp","href":"https:\/\/api.w.org\/{rel}","templated":true}]}}